{"id":2362,"date":"2023-01-27T23:25:59","date_gmt":"2023-01-28T02:25:59","guid":{"rendered":"https:\/\/amordivino.org.br\/?p=2362"},"modified":"2023-01-29T23:55:37","modified_gmt":"2023-01-30T02:55:37","slug":"parceiro-amor-divino-disk-frutas-marcelo","status":"publish","type":"post","link":"https:\/\/amordivino.org.br\/index.php\/2023\/01\/27\/parceiro-amor-divino-disk-frutas-marcelo\/","title":{"rendered":"Parceiro Amor Divino: Disk Frutas Marcelo"},"content":{"rendered":"\t\t<div data-elementor-type=\"wp-post\" data-elementor-id=\"2362\" class=\"elementor elementor-2362\">\n\t\t\t\t\t\t<section class=\"elementor-section elementor-top-section elementor-element elementor-element-e133a60 elementor-section-boxed elementor-section-height-default elementor-section-height-default\" data-id=\"e133a60\" data-element_type=\"section\" data-e-type=\"section\">\n\t\t\t\t\t\t<div class=\"elementor-container elementor-column-gap-default\">\n\t\t\t\t\t<div class=\"elementor-column elementor-col-100 elementor-top-column elementor-element elementor-element-ba20528\" data-id=\"ba20528\" data-element_type=\"column\" data-e-type=\"column\">\n\t\t\t<div class=\"elementor-widget-wrap elementor-element-populated\">\n\t\t\t\t\t\t<div class=\"elementor-element elementor-element-7da3350 elementor-widget elementor-widget-image\" data-id=\"7da3350\" data-element_type=\"widget\" data-e-type=\"widget\" data-widget_type=\"image.default\">\n\t\t\t\t<div class=\"elementor-widget-container\">\n\t\t\t\t\t\t\t\t\t\t\t\t\t\t\t<img loading=\"lazy\" decoding=\"async\" width=\"344\" height=\"625\" src=\"https:\/\/amordivino.org.br\/wp-content\/uploads\/2023\/01\/DIskfrutas-arte-2.png\" class=\"attachment-medium_large size-medium_large wp-image-2364\" alt=\"\" srcset=\"https:\/\/amordivino.org.br\/wp-content\/uploads\/2023\/01\/DIskfrutas-arte-2.png 344w, https:\/\/amordivino.org.br\/wp-content\/uploads\/2023\/01\/DIskfrutas-arte-2-165x300.png 165w\" sizes=\"(max-width: 344px) 100vw, 344px\" \/>\t\t\t\t\t\t\t\t\t\t\t\t\t\t\t<\/div>\n\t\t\t\t<\/div>\n\t\t\t\t\t<\/div>\n\t\t<\/div>\n\t\t\t\t\t<\/div>\n\t\t<\/section>\n\t\t\t\t<section class=\"elementor-section elementor-top-section elementor-element elementor-element-b34a3f4 elementor-section-boxed elementor-section-height-default elementor-section-height-default\" data-id=\"b34a3f4\" data-element_type=\"section\" data-e-type=\"section\">\n\t\t\t\t\t\t<div class=\"elementor-container elementor-column-gap-default\">\n\t\t\t\t\t<div class=\"elementor-column elementor-col-100 elementor-top-column elementor-element elementor-element-8bbcc60\" data-id=\"8bbcc60\" data-element_type=\"column\" data-e-type=\"column\">\n\t\t\t<div class=\"elementor-widget-wrap elementor-element-populated\">\n\t\t\t\t\t\t<div class=\"elementor-element elementor-element-280f0f5 elementor-widget elementor-widget-spacer\" data-id=\"280f0f5\" data-element_type=\"widget\" data-e-type=\"widget\" data-widget_type=\"spacer.default\">\n\t\t\t\t<div class=\"elementor-widget-container\">\n\t\t\t\t\t\t\t<div class=\"elementor-spacer\">\n\t\t\t<div class=\"elementor-spacer-inner\"><\/div>\n\t\t<\/div>\n\t\t\t\t\t\t<\/div>\n\t\t\t\t<\/div>\n\t\t\t\t<div class=\"elementor-element elementor-element-405fd52 elementor-widget elementor-widget-heading\" data-id=\"405fd52\" data-element_type=\"widget\" data-e-type=\"widget\" data-widget_type=\"heading.default\">\n\t\t\t\t<div class=\"elementor-widget-container\">\n\t\t\t\t\t<h3 class=\"elementor-heading-title elementor-size-large\">Sua feira sem sair de casa<\/h3>\t\t\t\t<\/div>\n\t\t\t\t<\/div>\n\t\t\t\t<div class=\"elementor-element elementor-element-cb6c46a elementor-widget elementor-widget-testimonial\" data-id=\"cb6c46a\" data-element_type=\"widget\" data-e-type=\"widget\" data-widget_type=\"testimonial.default\">\n\t\t\t\t<div class=\"elementor-widget-container\">\n\t\t\t\t\t\t\t<div class=\"elementor-testimonial-wrapper\">\n\t\t\t\n\t\t\t\t\t\t<div class=\"elementor-testimonial-meta elementor-has-image elementor-testimonial-image-position-aside\">\n\t\t\t\t<div class=\"elementor-testimonial-meta-inner\">\n\t\t\t\t\t\t\t\t\t\t\t<div class=\"elementor-testimonial-image\">\n\t\t\t\t\t\t\t<a href=\"https:\/\/api.whatsapp.com\/send?phone=5511974157810&#038;text=Oi%20tudo%20bem%3F%20\"><img loading=\"lazy\" decoding=\"async\" width=\"1280\" height=\"1280\" src=\"https:\/\/amordivino.org.br\/wp-content\/uploads\/2023\/01\/whatsapp-gfb06c61c8_1280.png\" class=\"attachment-full size-full wp-image-1906\" alt=\"\" srcset=\"https:\/\/amordivino.org.br\/wp-content\/uploads\/2023\/01\/whatsapp-gfb06c61c8_1280.png 1280w, https:\/\/amordivino.org.br\/wp-content\/uploads\/2023\/01\/whatsapp-gfb06c61c8_1280-300x300.png 300w, https:\/\/amordivino.org.br\/wp-content\/uploads\/2023\/01\/whatsapp-gfb06c61c8_1280-1024x1024.png 1024w, https:\/\/amordivino.org.br\/wp-content\/uploads\/2023\/01\/whatsapp-gfb06c61c8_1280-150x150.png 150w, https:\/\/amordivino.org.br\/wp-content\/uploads\/2023\/01\/whatsapp-gfb06c61c8_1280-768x768.png 768w\" sizes=\"(max-width: 1280px) 100vw, 1280px\" \/><\/a>\t\t\t\t\t\t<\/div>\n\t\t\t\t\t\n\t\t\t\t\t\t\t\t\t\t<div class=\"elementor-testimonial-details\">\n\t\t\t\t\t\t\t\t\t\t\t\t\t\t<a class=\"elementor-testimonial-name\" href=\"https:\/\/api.whatsapp.com\/send?phone=5511974157810&#038;text=Oi%20tudo%20bem%3F%20\">loren<\/a>\n\t\t\t\t\t\t\t\t\t\t\t\t\t\t\t\t\t\t\t\t\t\t<a class=\"elementor-testimonial-job\" href=\"https:\/\/api.whatsapp.com\/send?phone=5511974157810&#038;text=Oi%20tudo%20bem%3F%20\">Sua feira no whatsapp - Clique aqui para falar conosco<\/a>\n\t\t\t\t\t\t\t\t\t\t\t\t\t<\/div>\n\t\t\t\t\t\t\t\t\t<\/div>\n\t\t\t<\/div>\n\t\t\t\t\t<\/div>\n\t\t\t\t\t\t<\/div>\n\t\t\t\t<\/div>\n\t\t\t\t\t<\/div>\n\t\t<\/div>\n\t\t\t\t\t<\/div>\n\t\t<\/section>\n\t\t\t\t<section class=\"elementor-section elementor-top-section elementor-element elementor-element-88142db elementor-section-boxed elementor-section-height-default elementor-section-height-default\" data-id=\"88142db\" data-element_type=\"section\" data-e-type=\"section\">\n\t\t\t\t\t\t<div class=\"elementor-container elementor-column-gap-default\">\n\t\t\t\t\t<div class=\"elementor-column elementor-col-100 elementor-top-column elementor-element elementor-element-f0c0172\" data-id=\"f0c0172\" data-element_type=\"column\" data-e-type=\"column\">\n\t\t\t<div class=\"elementor-widget-wrap elementor-element-populated\">\n\t\t\t\t\t\t<div class=\"elementor-element elementor-element-c8b3c47 elementor-widget elementor-widget-text-editor\" data-id=\"c8b3c47\" data-element_type=\"widget\" data-e-type=\"widget\" data-widget_type=\"text-editor.default\">\n\t\t\t\t<div class=\"elementor-widget-container\">\n\t\t\t\t\t\t\t\t\t<div class=\"\" dir=\"auto\"><div id=\"jsc_c_je\" class=\"x1iorvi4 x1pi30zi x1l90r2v x1swvt13\" data-ad-comet-preview=\"message\" data-ad-preview=\"message\"><div class=\"x78zum5 xdt5ytf xz62fqu x16ldp7u\"><div class=\"xu06os2 x1ok221b\"><div class=\"x11i5rnm xat24cr x1mh8g0r x1vvkbs xtlvy1s x126k92a\"><div dir=\"auto\">&#8211; Frutas nacionais e importadas.<\/div><div dir=\"auto\">&#8211; Verduras e legumes.<\/div><div dir=\"auto\">&#8211; Aves e Peixes<\/div><\/div><\/div><\/div><\/div><\/div>\t\t\t\t\t\t\t\t<\/div>\n\t\t\t\t<\/div>\n\t\t\t\t\t<\/div>\n\t\t<\/div>\n\t\t\t\t\t<\/div>\n\t\t<\/section>\n\t\t\t\t<section class=\"elementor-section elementor-top-section elementor-element elementor-element-cc6e9be elementor-section-boxed elementor-section-height-default elementor-section-height-default\" data-id=\"cc6e9be\" data-element_type=\"section\" data-e-type=\"section\">\n\t\t\t\t\t\t<div class=\"elementor-container elementor-column-gap-default\">\n\t\t\t\t\t<div class=\"elementor-column elementor-col-100 elementor-top-column elementor-element elementor-element-10afc2d\" data-id=\"10afc2d\" data-element_type=\"column\" data-e-type=\"column\">\n\t\t\t<div class=\"elementor-widget-wrap elementor-element-populated\">\n\t\t\t\t\t\t<div class=\"elementor-element elementor-element-ab64e94 elementor-widget elementor-widget-spacer\" data-id=\"ab64e94\" data-element_type=\"widget\" data-e-type=\"widget\" data-widget_type=\"spacer.default\">\n\t\t\t\t<div class=\"elementor-widget-container\">\n\t\t\t\t\t\t\t<div class=\"elementor-spacer\">\n\t\t\t<div class=\"elementor-spacer-inner\"><\/div>\n\t\t<\/div>\n\t\t\t\t\t\t<\/div>\n\t\t\t\t<\/div>\n\t\t\t\t\t<\/div>\n\t\t<\/div>\n\t\t\t\t\t<\/div>\n\t\t<\/section>\n\t\t\t\t<section class=\"elementor-section elementor-top-section elementor-element elementor-element-8fc923e elementor-section-boxed elementor-section-height-default elementor-section-height-default\" data-id=\"8fc923e\" data-element_type=\"section\" data-e-type=\"section\">\n\t\t\t\t\t\t<div class=\"elementor-container elementor-column-gap-default\">\n\t\t\t\t\t<div class=\"elementor-column elementor-col-100 elementor-top-column elementor-element elementor-element-6d0a6c1\" data-id=\"6d0a6c1\" data-element_type=\"column\" data-e-type=\"column\">\n\t\t\t<div class=\"elementor-widget-wrap elementor-element-populated\">\n\t\t\t\t\t\t<div class=\"elementor-element elementor-element-ce648de elementor-widget elementor-widget-spacer\" data-id=\"ce648de\" data-element_type=\"widget\" data-e-type=\"widget\" data-widget_type=\"spacer.default\">\n\t\t\t\t<div class=\"elementor-widget-container\">\n\t\t\t\t\t\t\t<div class=\"elementor-spacer\">\n\t\t\t<div class=\"elementor-spacer-inner\"><\/div>\n\t\t<\/div>\n\t\t\t\t\t\t<\/div>\n\t\t\t\t<\/div>\n\t\t\t\t<div class=\"elementor-element elementor-element-a01f229 elementor-widget elementor-widget-heading\" data-id=\"a01f229\" data-element_type=\"widget\" data-e-type=\"widget\" data-widget_type=\"heading.default\">\n\t\t\t\t<div class=\"elementor-widget-container\">\n\t\t\t\t\t<h3 class=\"elementor-heading-title elementor-size-large\">Assuntos recentes<\/h3>\t\t\t\t<\/div>\n\t\t\t\t<\/div>\n\t\t\t\t<div class=\"elementor-element elementor-element-0440f49 elementor-widget elementor-widget-text-editor\" data-id=\"0440f49\" data-element_type=\"widget\" data-e-type=\"widget\" data-widget_type=\"text-editor.default\">\n\t\t\t\t<div class=\"elementor-widget-container\">\n\t\t\t\t\t\t\t\t\t<style><\/style><div class=\"wplp_outside wplp_widget_1605\" style=\"max-width:100%;\"><span class=\"wpcu_block_title\"><\/span><div id=\"wplp_widget_1605\" class=\"wplp_widget_default wplp_container vertical swiper wplp-swiper default cols3\" data-theme=\"default\" data-post=\"1605\" style=\"\" data-max-elts=\"9\" data-per-page=\"10\"><div class=\"wplp_listposts swiper-wrapper\" id=\"default_1605\" style=\"width: 100%;\" ><div class=\"swiper-slide\" style=\"\"><div class=\"insideframe\"><div id=\"wplp_box_top_1605_3455\" class=\"wpcu-front-box top equalHeightImg\" ><div class=\"wplp-box-item\"><a href=\"https:\/\/amordivino.org.br\/index.php\/2025\/11\/09\/amor-divino-na-casa-de-recuperacao\/\"  class=\"thumbnail\"><span class=\"img_cropper\" style=\"margin-right:4px;margin-bottom:4px;max-width:100%;\"><img decoding=\"async\" src=\"http:\/\/amordivino.org.br\/wp-content\/uploads\/2025\/11\/557982475_802696272384948_2254691393579765076_n-576x1024.jpg\" style=\"aspect-ratio:4\/3;\" srcset=\"\" alt=\"Amor Divino Na Casa de Recupera\u00e7\u00e3o\" class=\"wplp_thumb\" \/><\/span><\/a><a href=\"https:\/\/amordivino.org.br\/index.php\/2025\/11\/09\/amor-divino-na-casa-de-recuperacao\/\"  class=\"title\">Amor Divino Na Casa de Recupera\u00e7\u00e3o<\/a><\/div><\/div><div id=\"wplp_box_left_1605_3455\" class=\"wpcu-front-box left wpcu-custom-position\" ><div class=\"wplp-box-item\"><\/div><\/div><div id=\"wplp_box_right_1605_3455\" class=\"wpcu-front-box right wpcu-custom-position\" ><div class=\"wplp-box-item\"><\/div><\/div><div id=\"wplp_box_bottom_1605_3455\" class=\"wpcu-front-box bottom \" ><div class=\"wplp-box-item\"><span class=\"date\">novembro 9, 2025<\/span><span class=\"text\"><span style=\"max-height:2.8em\" class=\"line_limit\">Amor ao pr\u00f3ximo\n\n\n\n\n\n\n\n\n\n\n\n\n\n\t\t Contamos com voc\u00ea para continuarmos cumprindo o nosso prop\u00f3sito de amor ao pr\u00f3ximo. Abra\u00e7os. \ud83d\ude4f\ud83d\ude4f\t\t\nJuntos podemos ajudar mais\nVoc\u00ea quer ajudar com doa\u00e7\u00f5es!? Entre em contato com a gente no n\u00famero:\n(11) 91363-4599 \u2665\ufe0f\ud83d\ude4f\ud83c\udffd\ud83d\ude09\nNosso Canal no Youtube: https:\/\/www.youtube.com\/@ProjetoAmorDivino\nNosso Instagram: www.instagram.com\/projetoamordivino\nSaiba mais sobre a Biblinha: https:\/\/biblinhaeturminha.com.br\n\u00a0\u00a0\t\t\nAssuntos recentes\n\n\nNossa rede\n\t\t\t\n\t\t\t\t\t\tFalta voc\u00ea aqui\n\t\t\t\t\t\n\t\t\t\t\t\t\t\t\t\t\t\t\t\t\t\t\n\t\t\t\t\t\t\t\t\t\t\t\t\t\t\t\n\t\t\t\t\t\t\t\t\t\t\t\t\t\t\t\t\n\t\t\t\t\t\t\t\t\t\t\t\t\t\t\t\n\t\t\t\t\t\t\t\t\t\t\t\t\t\t\t\t\n\t\t\t\t\t\t\t\t\t\t\t\t\t\t\t\n\t\t\t\t\t\t\t\t\t\t\t\t\t\t\t\t\n\t\t\t\t\t\t\t\t\t\t\t\t\t\t\t\n\t\t\t\t\t\t\t\t\t\t\t\t\t\t\t\t\n\t\t\t\t\t\t\t\t\t\t\t\t\t\t\t\nDivina fam\u00edlia\n\t\t\t\n\t\t\t\t\t\tquero fazer parte\n\t\t\t\t\t\nCanal Amor Divino\nInstitucional Amor Divino\n\t\t\t\t\t\nEndere\u00e7o\nEnd.: Rua Ad\u00e3o Gon\u00e7alves, 590 Vl. dos Rem\u00e9dios &#8211; S\u00e3o Paulo\/SP<\/span><span style=\"margin-left:3px; max-height:2.8em\" class=\"line_limit\"> [&#8230;]<\/span><\/span><span class=\"custom_fields\">\n<!-- WPLP Unknown field: Custom_Fields -->\n<\/span><a href=\"https:\/\/amordivino.org.br\/index.php\/2025\/11\/09\/amor-divino-na-casa-de-recuperacao\/\"  class=\"read-more\">Read more&#8230;<\/a><\/div><\/div><\/div><\/div><div class=\"swiper-slide\" style=\"\"><div class=\"insideframe\"><div id=\"wplp_box_top_1605_3401\" class=\"wpcu-front-box top equalHeightImg\" ><div class=\"wplp-box-item\"><a href=\"https:\/\/amordivino.org.br\/index.php\/2025\/10\/25\/dia-das-criancas-2025-com-muito-amor-divino\/\"  class=\"thumbnail\"><span class=\"img_cropper\" style=\"margin-right:4px;margin-bottom:4px;max-width:100%;\"><img decoding=\"async\" src=\"http:\/\/amordivino.org.br\/wp-content\/uploads\/2025\/10\/559027986_806441908677051_1074200035103557464_n-768x1024.jpg\" style=\"aspect-ratio:4\/3;\" srcset=\"\" alt=\"Dia das Crian\u00e7as 2025 com Muito Amor Divino\" class=\"wplp_thumb\" \/><\/span><\/a><a href=\"https:\/\/amordivino.org.br\/index.php\/2025\/10\/25\/dia-das-criancas-2025-com-muito-amor-divino\/\"  class=\"title\">Dia das Crian\u00e7as 2025 com Muito Amor Divino<\/a><\/div><\/div><div id=\"wplp_box_left_1605_3401\" class=\"wpcu-front-box left wpcu-custom-position\" ><div class=\"wplp-box-item\"><\/div><\/div><div id=\"wplp_box_right_1605_3401\" class=\"wpcu-front-box right wpcu-custom-position\" ><div class=\"wplp-box-item\"><\/div><\/div><div id=\"wplp_box_bottom_1605_3401\" class=\"wpcu-front-box bottom \" ><div class=\"wplp-box-item\"><span class=\"date\">outubro 25, 2025<\/span><span class=\"text\"><span style=\"max-height:2.8em\" class=\"line_limit\">Amor ao pr\u00f3ximo\n\t\tEnt\u00e3o disse Jesus: &#8220;Deixem vir a mim as crian\u00e7as e n\u00e3o as impe\u00e7am; pois o Reino dos c\u00e9us pertence aos que s\u00e3o semelhantes a elas&#8221;.&#8211; Mateus 19:14\n\t\t\t\n\t\tDeus aben\u00e7oe a cada um que fez parte dessa incr\u00edvel a\u00e7\u00e3o do Dia das Crian\u00e7as na tekoa Pyau!\u00a0Mais sementinhas de amor foram plantadas hoje!O verdadeiro amor demonstrado por Deus e atrav\u00e9s de todos n\u00f3s.\u00a0Gratid\u00e3o@Deus; Gratid\u00e3o@familiaamordivino; Gratid\u00e3o@equipearcoiris; Gratid\u00e3o a todos mantenedores desse projeto.\t\t\n\n\n\n\n\n\n\n\n\n\n\n\n\n\n\n\n\n\n\n\n\n\n\n\n\n\n\n\n\n\n\n\n\t\t Contamos com voc\u00ea para continuarmos cumprindo o nosso prop\u00f3sito de amor ao pr\u00f3ximo. Abra\u00e7os. \ud83d\ude4f\ud83d\ude4f\t\t\nJuntos podemos ajudar mais\nVoc\u00ea quer ajudar com doa\u00e7\u00f5es!? Entre em contato com a gente no n\u00famero:\n(11) 91363-4599 \u2665\ufe0f\ud83d\ude4f\ud83c\udffd\ud83d\ude09\nNosso Canal no Youtube: https:\/\/www.youtube.com\/@ProjetoAmorDivino\nNosso Instagram: www.instagram.com\/projetoamordivino\nSaiba mais sobre a Biblinha: https:\/\/biblinhaeturminha.com.br\n\u00a0\u00a0\t\t\nAssuntos recentes\n\n\nNossa rede\n\t\t\t\n\t\t\t\t\t\tFalta voc\u00ea aqui\n\t\t\t\t\t\n\t\t\t\t\t\t\t\t\t\t\t\t\t\t\t\t\n\t\t\t\t\t\t\t\t\t\t\t\t\t\t\t\n\t\t\t\t\t\t\t\t\t\t\t\t\t\t\t\t\n\t\t\t\t\t\t\t\t\t\t\t\t\t\t\t\n\t\t\t\t\t\t\t\t\t\t\t\t\t\t\t\t\n\t\t\t\t\t\t\t\t\t\t\t\t\t\t\t\n\t\t\t\t\t\t\t\t\t\t\t\t\t\t\t\t\n\t\t\t\t\t\t\t\t\t\t\t\t\t\t\t\n\t\t\t\t\t\t\t\t\t\t\t\t\t\t\t\t\n\t\t\t\t\t\t\t\t\t\t\t\t\t\t\t\nDivina fam\u00edlia\n\t\t\t\n\t\t\t\t\t\tquero fazer parte\n\t\t\t\t\t\nCanal Amor Divino\nInstitucional Amor Divino\n\t\t\t\t\t\nEndere\u00e7o\nEnd.: Rua Ad\u00e3o Gon\u00e7alves, 590 Vl. dos Rem\u00e9dios &#8211; S\u00e3o Paulo\/SP<\/span><span style=\"margin-left:3px; max-height:2.8em\" class=\"line_limit\"> [&#8230;]<\/span><\/span><span class=\"custom_fields\">\n<!-- WPLP Unknown field: Custom_Fields -->\n<\/span><a href=\"https:\/\/amordivino.org.br\/index.php\/2025\/10\/25\/dia-das-criancas-2025-com-muito-amor-divino\/\"  class=\"read-more\">Read more&#8230;<\/a><\/div><\/div><\/div><\/div><div class=\"swiper-slide\" style=\"\"><div class=\"insideframe\"><div id=\"wplp_box_top_1605_3389\" class=\"wpcu-front-box top equalHeightImg\" ><div class=\"wplp-box-item\"><a href=\"https:\/\/amordivino.org.br\/index.php\/2025\/09\/05\/amor-divino-na-casa-de-repouso\/\"  class=\"thumbnail\"><span class=\"img_cropper\" style=\"margin-right:4px;margin-bottom:4px;max-width:100%;\"><img decoding=\"async\" src=\"https:\/\/static.xx.fbcdn.net\/images\/emoji.php\/v9\/t7c\/1\/16\/1f64f_1f3fc.png\" style=\"aspect-ratio:4\/3;\" srcset=\"\" alt=\"Amor Divino na Casa de Repouso\" class=\"wplp_thumb\" \/><\/span><\/a><a href=\"https:\/\/amordivino.org.br\/index.php\/2025\/09\/05\/amor-divino-na-casa-de-repouso\/\"  class=\"title\">Amor Divino na Casa de Repouso<\/a><\/div><\/div><div id=\"wplp_box_left_1605_3389\" class=\"wpcu-front-box left wpcu-custom-position\" ><div class=\"wplp-box-item\"><\/div><\/div><div id=\"wplp_box_right_1605_3389\" class=\"wpcu-front-box right wpcu-custom-position\" ><div class=\"wplp-box-item\"><\/div><\/div><div id=\"wplp_box_bottom_1605_3389\" class=\"wpcu-front-box bottom \" ><div class=\"wplp-box-item\"><span class=\"date\">setembro 5, 2025<\/span><span class=\"text\"><span style=\"max-height:2.8em\" class=\"line_limit\">Amor ao pr\u00f3ximo\n\t\thttp:\/\/amordivino.org.br\/wp-content\/uploads\/2025\/09\/VID-20250830-WA0057.mp4Registros de um s\u00e1bado aben\u00e7oado! Agradecemos aos envolvidos por esse momento Divino!\u00a0Obrigada por fazerem parte desta fam\u00edlia e proporcionar a essas pessoas esse momento de alegria.\u00a0Mais sementinhas de amor foram plantadas hoje!O verdadeiro amor demonstrado por Deus e atrav\u00e9s de todos n\u00f3s.\u00a0Gratid\u00e3o@Deus;\u00a0Gratid\u00e3o@familiaamordivino; Gratid\u00e3o@equipearcoiris;\u00a0Gratid\u00e3o a todos mantenedores desse projeto.\u00a0Deus os aben\u00e7oe com todas sortes de ben\u00e7\u00e3os. Em nome de Jesus. \n(1 Jo\u00e3o 4:7)\n Contamos com voc\u00ea para continuarmos cumprindo o nosso prop\u00f3sito de amor ao pr\u00f3ximo. Abra\u00e7os. \ud83d\ude4f\ud83d\ude4f\t\t\nJuntos podemos ajudar mais\nVoc\u00ea quer ajudar com doa\u00e7\u00f5es!? Entre em contato com a gente no n\u00famero:\n(11) 91363-4599 \u2665\ufe0f\ud83d\ude4f\ud83c\udffd\ud83d\ude09\nNosso Canal no Youtube: https:\/\/www.youtube.com\/@ProjetoAmorDivino\nNosso Instagram: www.instagram.com\/projetoamordivino\nSaiba mais sobre a Biblinha: https:\/\/biblinhaeturminha.com.br\n\u00a0\u00a0\t\t\nAssuntos recentes\n\n\nNossa rede\n\t\t\t\n\t\t\t\t\t\tFalta voc\u00ea aqui\n\t\t\t\t\t\n\n\t\t\t\t\t\t\t\t\t\t\t\t\t\n\t\t\t\t\t\t\t\t\t\t\t\t\t\t\t\n\t\t\t\t\t\t\t\t\t\t\t\t\t\t\t\t\n\t\t\t\t\t\t\t\t\t\t\t\t\t\t\t\n\t\t\t\t\t\t\t\t\t\t\t\t\t\t\t\t\n\t\t\t\t\t\t\t\t\t\t\t\t\t\t\t\n\t\t\t\t\t\t\t\t\t\t\t\t\t\t\t\t\n\t\t\t\t\t\t\t\t\t\t\t\t\t\t\t\n\t\t\t\t\t\t\t\t\t\t\t\t\t\t\t\t\n\t\t\t\t\t\t\t\t\t\t\t\t\t\t\t\nDivina fam\u00edlia\n\t\t\t\n\t\t\t\t\t\tquero fazer parte\n\t\t\t\t\t\nCanal Amor Divino\nInstitucional Amor Divino\n\t\t\t\t\t\nEndere\u00e7o\nEnd.: Rua Ad\u00e3o Gon\u00e7alves, 590 Vl. dos Rem\u00e9dios &#8211; S\u00e3o Paulo\/SP<\/span><span style=\"margin-left:3px; max-height:2.8em\" class=\"line_limit\"> [&#8230;]<\/span><\/span><span class=\"custom_fields\">\n<!-- WPLP Unknown field: Custom_Fields -->\n<\/span><a href=\"https:\/\/amordivino.org.br\/index.php\/2025\/09\/05\/amor-divino-na-casa-de-repouso\/\"  class=\"read-more\">Read more&#8230;<\/a><\/div><\/div><\/div><\/div><div class=\"swiper-slide\" style=\"\"><div class=\"insideframe\"><div id=\"wplp_box_top_1605_3378\" class=\"wpcu-front-box top equalHeightImg\" ><div class=\"wplp-box-item\"><a href=\"https:\/\/amordivino.org.br\/index.php\/2025\/07\/06\/mais-um-sabado-com-muito-amor-divino-na-tekoa-pyau\/\"  class=\"thumbnail\"><span class=\"img_cropper\" style=\"margin-right:4px;margin-bottom:4px;max-width:100%;\"><img decoding=\"async\" src=\"http:\/\/amordivino.org.br\/wp-content\/uploads\/2025\/07\/criancasdoando.jpg\" style=\"aspect-ratio:4\/3;\" srcset=\"\" alt=\"Mais um S\u00e1bado com Muito Amor Divino na Tekoa Pyau\" class=\"wplp_thumb\" \/><\/span><\/a><a href=\"https:\/\/amordivino.org.br\/index.php\/2025\/07\/06\/mais-um-sabado-com-muito-amor-divino-na-tekoa-pyau\/\"  class=\"title\">Mais um S\u00e1bado com Muito Amor Divino na Tekoa Pyau<\/a><\/div><\/div><div id=\"wplp_box_left_1605_3378\" class=\"wpcu-front-box left wpcu-custom-position\" ><div class=\"wplp-box-item\"><\/div><\/div><div id=\"wplp_box_right_1605_3378\" class=\"wpcu-front-box right wpcu-custom-position\" ><div class=\"wplp-box-item\"><\/div><\/div><div id=\"wplp_box_bottom_1605_3378\" class=\"wpcu-front-box bottom \" ><div class=\"wplp-box-item\"><span class=\"date\">julho 6, 2025<\/span><span class=\"text\"><span style=\"max-height:2.8em\" class=\"line_limit\">A equipe Rosa de Saron resplandecendo o amor\u00a0 na casa flor de Lins.\n\t\tRegistros de um s\u00e1bado aben\u00e7oado na aldeia do Pico do Jaragu\u00e1!\u00a0 Amor e alimentos distribu\u00eddos em um dia lindo de Junho na Tekoa Pyau!! Agradecemos aos envolvidos por esse momento Divino!\u00a0Obrigada por fazerem parte desta fam\u00edlia e proporcionar a essas pessoas esse momento de alegria.\u00a0Mais sementinhas de amor foram plantadas hoje!O verdadeiro amor demonstrado por Deus e atrav\u00e9s de todos n\u00f3s.\u00a0Gratid\u00e3o@Deus;\u00a0Gratid\u00e3o@familiaamordivino; Gratid\u00e3o@equipearcoiris;\u00a0Gratid\u00e3o a todos mantenedores desse projeto.\u00a0Deus os aben\u00e7oe com todas sortes de ben\u00e7\u00e3os. Em nome de Jesus. \n(1 Jo\u00e3o 4:7)\n\n\t\thttps:\/\/www.youtube.com\/watch?v=ueIV6qSrdfc Contamos com voc\u00ea para continuarmos cumprindo o nosso prop\u00f3sito de amor ao pr\u00f3ximo. Abra\u00e7os. \ud83d\ude4f\ud83d\ude4f\t\t\nJuntos podemos ajudar mais\nVoc\u00ea quer ajudar com doa\u00e7\u00f5es!? Entre em contato com a gente no n\u00famero:\n(11) 91363-4599 \u2665\ufe0f\ud83d\ude4f\ud83c\udffd\ud83d\ude09\nNosso Canal no Youtube: https:\/\/www.youtube.com\/@ProjetoAmorDivino\nNosso Instagram: www.instagram.com\/projetoamordivino\nSaiba mais sobre a Biblinha: https:\/\/biblinhaeturminha.com.br\n\u00a0\u00a0\t\t\nAssuntos recentes\n\nNossa rede\n\t\t\t\n\t\t\t\t\t\tFalta voc\u00ea aqui\n\t\t\t\t\t\n\t\t\t\t\t\t\t\t\t\t\t\t\t\t\t\t\n\t\t\t\t\t\t\t\t\t\t\t\t\t\t\t\n\t\t\t\t\t\t\t\t\t\t\t\t\t\t\t\t\n\t\t\t\t\t\t\t\t\t\t\t\t\t\t\t\n\t\t\t\t\t\t\t\t\t\t\t\t\t\t\t\t\n\t\t\t\t\t\t\t\t\t\t\t\t\t\t\t\n\t\t\t\t\t\t\t\t\t\t\t\t\t\t\t\t\n\t\t\t\t\t\t\t\t\t\t\t\t\t\t\t\n\t\t\t\t\t\t\t\t\t\t\t\t\t\t\t\t\n\t\t\t\t\t\t\t\t\t\t\t\t\t\t\t\nDivina fam\u00edlia\n\t\t\t\n\t\t\t\t\t\tquero fazer parte\n\t\t\t\t\t\nCanal Amor Divino\nInstitucional Amor Divino\n\t\t\t\t\t\nEndere\u00e7o\nEnd.: Rua Ad\u00e3o Gon\u00e7alves, 590 Vl. dos Rem\u00e9dios &#8211; S\u00e3o Paulo\/SP<\/span><span style=\"margin-left:3px; max-height:2.8em\" class=\"line_limit\"> [&#8230;]<\/span><\/span><span class=\"custom_fields\">\n<!-- WPLP Unknown field: Custom_Fields -->\n<\/span><a href=\"https:\/\/amordivino.org.br\/index.php\/2025\/07\/06\/mais-um-sabado-com-muito-amor-divino-na-tekoa-pyau\/\"  class=\"read-more\">Read more&#8230;<\/a><\/div><\/div><\/div><\/div><div class=\"swiper-slide\" style=\"\"><div class=\"insideframe\"><div id=\"wplp_box_top_1605_3351\" class=\"wpcu-front-box top equalHeightImg\" ><div class=\"wplp-box-item\"><a href=\"https:\/\/amordivino.org.br\/index.php\/2025\/04\/17\/pascoa-na-tekoa-2025\/\"  class=\"thumbnail\"><span class=\"img_cropper\" style=\"margin-right:4px;margin-bottom:4px;max-width:100%;\"><img decoding=\"async\" src=\"http:\/\/amordivino.org.br\/wp-content\/uploads\/2025\/04\/pascoa-tekoa-2025-1024x768.jpg\" style=\"aspect-ratio:4\/3;\" srcset=\"\" alt=\"P\u00e1scoa na Tekoa 2025\" class=\"wplp_thumb\" \/><\/span><\/a><a href=\"https:\/\/amordivino.org.br\/index.php\/2025\/04\/17\/pascoa-na-tekoa-2025\/\"  class=\"title\">P\u00e1scoa na Tekoa 2025<\/a><\/div><\/div><div id=\"wplp_box_left_1605_3351\" class=\"wpcu-front-box left wpcu-custom-position\" ><div class=\"wplp-box-item\"><\/div><\/div><div id=\"wplp_box_right_1605_3351\" class=\"wpcu-front-box right wpcu-custom-position\" ><div class=\"wplp-box-item\"><\/div><\/div><div id=\"wplp_box_bottom_1605_3351\" class=\"wpcu-front-box bottom \" ><div class=\"wplp-box-item\"><span class=\"date\">abril 17, 2025<\/span><span class=\"text\"><span style=\"max-height:2.8em\" class=\"line_limit\">A equipe Rosa de Saron resplandecendo o amor\u00a0 na casa flor de Lins.\n\t\tNo dia 12\/04, fizemos a a\u00e7\u00e3o de Pascoa na tekoa Pyau e agradecemos aos envolvidos por esse momento Divino! Obrigada por fazerem parte desta fam\u00edlia e proporcionar a essas crian\u00e7as esse momento de alegria.Eu creio que uma sementinha foi plantada hoje!O verdadeiro amor demonstrado por Deus e atrav\u00e9s de todos n\u00f3s.Gratid\u00e3o@DeusGratid\u00e3o@familia amordivino Gratid\u00e3o@equipearcoirisGratid\u00e3o a todos mantenedores desse projeto.Deus os aben\u00e7oe com todas sortes de ben\u00e7\u00e3os. Em nome de Jesus. \n(1 Jo\u00e3o 4:7)\n\n\t\thttp:\/\/amordivino.org.br\/wp-content\/uploads\/2025\/04\/Pascoa-tekoa-2025.mp4 Contamos com voc\u00ea para continuarmos cumprindo o nosso prop\u00f3sito de amor ao pr\u00f3ximo. Abra\u00e7os. \ud83d\ude4f\ud83d\ude4f\t\t\n\n\n\n\n\n\n\n\nJuntos podemos ajudar mais\nVoc\u00ea quer ajudar com doa\u00e7\u00f5es!? Entre em contato com a gente no n\u00famero:\n(11) 91363-4599 \u2665\ufe0f\ud83d\ude4f\ud83c\udffd\ud83d\ude09\nNosso Canal no Youtube: https:\/\/www.youtube.com\/@ProjetoAmorDivino\nNosso Instagram: www.instagram.com\/projetoamordivino\nSaiba mais sobre a Biblinha: https:\/\/biblinhaeturminha.com.br\n\u00a0\u00a0\t\t\nAssuntos recentes\n\nNossa rede\n\t\t\t\n\t\t\t\t\t\tFalta voc\u00ea aqui\n\t\t\t\t\t\n\t\t\t\t\t\t\t\t\t\t\t\t\t\t\t\t\n\t\t\t\t\t\t\t\t\t\t\t\t\t\t\t\n\t\t\t\t\t\t\t\t\t\t\t\t\t\t\t\t\n\t\t\t\t\t\t\t\t\t\t\t\t\t\t\t\n\t\t\t\t\t\t\t\t\t\t\t\t\t\t\t\t\n\t\t\t\t\t\t\t\t\t\t\t\t\t\t\t\n\t\t\t\t\t\t\t\t\t\t\t\t\t\t\t\t\n\t\t\t\t\t\t\t\t\t\t\t\t\t\t\t\n\t\t\t\t\t\t\t\t\t\t\t\t\t\t\t\t\n\t\t\t\t\t\t\t\t\t\t\t\t\t\t\t\nDivina fam\u00edlia\n\t\t\t\n\t\t\t\t\t\tquero fazer parte\n\t\t\t\t\t\nCanal Amor Divino\nInstitucional Amor Divino\n\t\t\t\t\t\nEndere\u00e7o\nEnd.: Rua Ad\u00e3o Gon\u00e7alves, 590 Vl. dos Rem\u00e9dios &#8211; S\u00e3o Paulo\/SP<\/span><span style=\"margin-left:3px; max-height:2.8em\" class=\"line_limit\"> [&#8230;]<\/span><\/span><span class=\"custom_fields\">\n<!-- WPLP Unknown field: Custom_Fields -->\n<\/span><a href=\"https:\/\/amordivino.org.br\/index.php\/2025\/04\/17\/pascoa-na-tekoa-2025\/\"  class=\"read-more\">Read more&#8230;<\/a><\/div><\/div><\/div><\/div><div class=\"swiper-slide\" style=\"\"><div class=\"insideframe\"><div id=\"wplp_box_top_1605_3333\" class=\"wpcu-front-box top equalHeightImg\" ><div class=\"wplp-box-item\"><a href=\"https:\/\/amordivino.org.br\/index.php\/2025\/04\/02\/sabado-feliz\/\"  class=\"thumbnail\"><span class=\"img_cropper\" style=\"margin-right:4px;margin-bottom:4px;max-width:100%;\"><img decoding=\"async\" src=\"http:\/\/amordivino.org.br\/wp-content\/uploads\/2025\/04\/Flordeliz-587x1024.jpg\" style=\"aspect-ratio:4\/3;\" srcset=\"\" alt=\"S\u00e1bado Feliz\" class=\"wplp_thumb\" \/><\/span><\/a><a href=\"https:\/\/amordivino.org.br\/index.php\/2025\/04\/02\/sabado-feliz\/\"  class=\"title\">S\u00e1bado Feliz<\/a><\/div><\/div><div id=\"wplp_box_left_1605_3333\" class=\"wpcu-front-box left wpcu-custom-position\" ><div class=\"wplp-box-item\"><\/div><\/div><div id=\"wplp_box_right_1605_3333\" class=\"wpcu-front-box right wpcu-custom-position\" ><div class=\"wplp-box-item\"><\/div><\/div><div id=\"wplp_box_bottom_1605_3333\" class=\"wpcu-front-box bottom \" ><div class=\"wplp-box-item\"><span class=\"date\">abril 2, 2025<\/span><span class=\"text\"><span style=\"max-height:2.8em\" class=\"line_limit\">A equipe Rosa de Saron resplandecendo o amor\u00a0 na casa flor de Lins.\nAmados, amemos &#8211; uns aos outros, porque o amor \u00e9 de Deus, e qualquer que ama \u00e9 nascido de Deus\u00a0 e conhece a Deus.\n(1 Jo\u00e3o 4:7)Obrigada casa flor de Lins por nos permitir esses momentos de reflex\u00e3o e a oportunidade de levarmos o amor de Deus.Gratid\u00e3o\u00a0\n\n\t\thttp:\/\/amordivino.org.br\/wp-content\/uploads\/2025\/04\/VID-20250322-WA0050.mp4 Contamos com voc\u00ea para continuarmos cumprindo o nosso prop\u00f3sito de amor ao pr\u00f3ximo. Abra\u00e7os. \ud83d\ude4f\ud83d\ude4f\t\t\nJuntos podemos ajudar mais\nVoc\u00ea quer ajudar com doa\u00e7\u00f5es!? Entre em contato com a gente no n\u00famero:\n(11) 91363-4599 \u2665\ufe0f\ud83d\ude4f\ud83c\udffd\ud83d\ude09\nNosso Canal no Youtube: https:\/\/www.youtube.com\/@ProjetoAmorDivino\nNosso Instagram: www.instagram.com\/projetoamordivino\nSaiba mais sobre a Biblinha: https:\/\/biblinhaeturminha.com.br\n\u00a0\u00a0\t\t\nAssuntos recentes\n\nNossa rede\n\t\t\t\n\t\t\t\t\t\tFalta voc\u00ea aqui\n\t\t\t\t\t\n\t\t\t\t\t\t\t\t\t\t\t\t\t\t\t\t\n\t\t\t\t\t\t\t\t\t\t\t\t\t\t\t\n\t\t\t\t\t\t\t\t\t\t\t\t\t\t\t\t\n\t\t\t\t\t\t\t\t\t\t\t\t\t\t\t\n\t\t\t\t\t\t\t\t\t\t\t\t\t\t\t\t\n\t\t\t\t\t\t\t\t\t\t\t\t\t\t\t\n\t\t\t\t\t\t\t\t\t\t\t\t\t\t\t\t\n\t\t\t\t\t\t\t\t\t\t\t\t\t\t\t\n\t\t\t\t\t\t\t\t\t\t\t\t\t\t\t\t\n\t\t\t\t\t\t\t\t\t\t\t\t\t\t\t\nDivina fam\u00edlia\n\t\t\t\n\t\t\t\t\t\tquero fazer parte\n\t\t\t\t\t\nCanal Amor Divino\nInstitucional Amor Divino\n\t\t\t\t\t\nEndere\u00e7o\nEnd.: Rua Ad\u00e3o Gon\u00e7alves, 590 Vl. dos Rem\u00e9dios &#8211; S\u00e3o Paulo\/SP<\/span><span style=\"margin-left:3px; max-height:2.8em\" class=\"line_limit\"> [&#8230;]<\/span><\/span><span class=\"custom_fields\">\n<!-- WPLP Unknown field: Custom_Fields -->\n<\/span><a href=\"https:\/\/amordivino.org.br\/index.php\/2025\/04\/02\/sabado-feliz\/\"  class=\"read-more\">Read more&#8230;<\/a><\/div><\/div><\/div><\/div><div class=\"swiper-slide\" style=\"\"><div class=\"insideframe\"><div id=\"wplp_box_top_1605_3312\" class=\"wpcu-front-box top equalHeightImg\" ><div class=\"wplp-box-item\"><a href=\"https:\/\/amordivino.org.br\/index.php\/2025\/03\/18\/uma-tarde-divina\/\"  class=\"thumbnail\"><span class=\"img_cropper\" style=\"margin-right:4px;margin-bottom:4px;max-width:100%;\"><img decoding=\"async\" src=\"http:\/\/amordivino.org.br\/wp-content\/uploads\/2025\/03\/post-amor-divino-1.jpg\" style=\"aspect-ratio:4\/3;\" srcset=\"\" alt=\"Uma Tarde Divina\" class=\"wplp_thumb\" \/><\/span><\/a><a href=\"https:\/\/amordivino.org.br\/index.php\/2025\/03\/18\/uma-tarde-divina\/\"  class=\"title\">Uma Tarde Divina<\/a><\/div><\/div><div id=\"wplp_box_left_1605_3312\" class=\"wpcu-front-box left wpcu-custom-position\" ><div class=\"wplp-box-item\"><\/div><\/div><div id=\"wplp_box_right_1605_3312\" class=\"wpcu-front-box right wpcu-custom-position\" ><div class=\"wplp-box-item\"><\/div><\/div><div id=\"wplp_box_bottom_1605_3312\" class=\"wpcu-front-box bottom \" ><div class=\"wplp-box-item\"><span class=\"date\">mar\u00e7o 18, 2025<\/span><span class=\"text\"><span style=\"max-height:2.8em\" class=\"line_limit\">Por Paulo Klawa\nS\u00e1bado 15\/04 foi um dia especial! Os Samaritanos, convidados pelo Projeto Amor Divino e acompanhados pela equipe de Palha\u00e7aria Divina, uniram-se em uma miss\u00e3o de amor na casa de repouso Arco-\u00cdris, na Vila Jaguara. Levamos n\u00e3o apenas a palavra de Deus, mas tamb\u00e9m carinho, alegria e esperan\u00e7a para aqueles que nos receberam de bra\u00e7os abertos.\nSomos imensamente gratos a Jesus por essa oportunidade \u00fanica. Ele tem feito maravilhas em n\u00f3s e por meio de n\u00f3s, fortalecendo nossa miss\u00e3o de espalhar amor e compaix\u00e3o.\n&#8220;Depois disto ouvi a voz do Senhor, que dizia: A quem enviarei, e quem h\u00e1 de ir por n\u00f3s? Ent\u00e3o disse eu: Eis-me aqui, envia-me a mim.&#8221; (Isa\u00edas 6:8)\n<div style=\"width: 640px;\" class=\"wp-video\"><video class=\"wp-video-shortcode\" id=\"video-3256-1\" width=\"640\" height=\"360\" preload=\"metadata\" controls=\"controls\"><source type=\"video\/mp4\" src=\"http:\/\/amordivino.org.br\/wp-content\/uploads\/2025\/03\/Acao-Amor-Divino-Casa-Repouso-Flor-De-Liz.mp4?_=1\" \/><a href=\"http:\/\/amordivino.org.br\/wp-content\/uploads\/2025\/03\/Acao-Amor-Divino-Casa-Repouso-Flor-De-Liz.mp4\">http:\/\/amordivino.org.br\/wp-content\/uploads\/2025\/03\/Acao-Amor-Divino-Casa-Repouso-Flor-De-Liz.mp4<\/a><\/video><\/div>\t\t\n\n\t\t\t\t\t\n\u00a0Assim resplande\u00e7a a vossa luz diante dos homens, para que vejam as vossas boas obras e glorifiquem a vosso Pai, que est\u00e1 nos c\u00e9us. ( Mateus 5:16 )\n\n\n\t\t\t\t\n\t\t\t\n\n\t\t\t\t\n\t\t\t\n\n\t\t\t\t\n\t\t\t\n\n\t\t\t\t\n\t\t\t\n\t\t Contamos com voc\u00ea para continuarmos cumprindo o nosso prop\u00f3sito de amor ao pr\u00f3ximo. Abra\u00e7os. \ud83d\ude4f\ud83d\ude4f\t\t\n\nJuntos podemos ajudar mais\nVoc\u00ea quer ajudar com doa\u00e7\u00f5es!? Entre em contato com a gente no n\u00famero:\n(11) 91363-4599 \u2665\ufe0f\ud83d\ude4f\ud83c\udffd\ud83d\ude09\nNosso Canal no Youtube: https:\/\/www.youtube.com\/@ProjetoAmorDivino\nNosso Instagram: www.instagram.com\/projetoamordivino\nSaiba mais sobre a Biblinha: https:\/\/biblinhaeturminha.com.br\n\u00a0\u00a0\t\t\nAssuntos recentes\n\nNossa rede\n\t\t\t\n\t\t\t\t\t\tFalta voc\u00ea aqui\n\t\t\t\t\t\n\t\t\t\t\t\t\t\t\t\t\t\t\t\t\t\t\n\t\t\t\t\t\t\t\t\t\t\t\t\t\t\t\n\t\t\t\t\t\t\t\t\t\t\t\t\t\t\t\t\n\t\t\t\t\t\t\t\t\t\t\t\t\t\t\t\n\t\t\t\t\t\t\t\t\t\t\t\t\t\t\t\t\n\t\t\t\t\t\t\t\t\t\t\t\t\t\t\t\n\t\t\t\t\t\t\t\t\t\t\t\t\t\t\t\t\n\t\t\t\t\t\t\t\t\t\t\t\t\t\t\t\n\t\t\t\t\t\t\t\t\t\t\t\t\t\t\t\t\n\t\t\t\t\t\t\t\t\t\t\t\t\t\t\t\nDivina fam\u00edlia\n\t\t\t\n\t\t\t\t\t\tquero fazer parte\n\t\t\t\t\t\nCanal Amor Divino\nInstitucional Amor Divino\n\t\t\t\t\t\nEndere\u00e7o\nEnd.: Rua Ad\u00e3o Gon\u00e7alves, 590 Vl. dos Rem\u00e9dios &#8211; S\u00e3o Paulo\/SP<\/span><span style=\"margin-left:3px; max-height:2.8em\" class=\"line_limit\"> [&#8230;]<\/span><\/span><span class=\"custom_fields\">\n<!-- WPLP Unknown field: Custom_Fields -->\n<\/span><a href=\"https:\/\/amordivino.org.br\/index.php\/2025\/03\/18\/uma-tarde-divina\/\"  class=\"read-more\">Read more&#8230;<\/a><\/div><\/div><\/div><\/div><div class=\"swiper-slide\" style=\"\"><div class=\"insideframe\"><div id=\"wplp_box_top_1605_3275\" class=\"wpcu-front-box top equalHeightImg\" ><div class=\"wplp-box-item\"><a href=\"https:\/\/amordivino.org.br\/index.php\/2025\/01\/19\/o-natal-de-2024-na-tekoa-pyau\/\"  class=\"thumbnail\"><span class=\"img_cropper\" style=\"margin-right:4px;margin-bottom:4px;max-width:100%;\"><img decoding=\"async\" src=\"http:\/\/amordivino.org.br\/wp-content\/uploads\/2025\/01\/471236327_583965094258068_7401072798491401087_n-1024x576.jpg\" style=\"aspect-ratio:4\/3;\" srcset=\"\" alt=\"O Natal de 2024 na Tekoa Pyau\" class=\"wplp_thumb\" \/><\/span><\/a><a href=\"https:\/\/amordivino.org.br\/index.php\/2025\/01\/19\/o-natal-de-2024-na-tekoa-pyau\/\"  class=\"title\">O Natal de 2024 na Tekoa Pyau<\/a><\/div><\/div><div id=\"wplp_box_left_1605_3275\" class=\"wpcu-front-box left wpcu-custom-position\" ><div class=\"wplp-box-item\"><\/div><\/div><div id=\"wplp_box_right_1605_3275\" class=\"wpcu-front-box right wpcu-custom-position\" ><div class=\"wplp-box-item\"><\/div><\/div><div id=\"wplp_box_bottom_1605_3275\" class=\"wpcu-front-box bottom \" ><div class=\"wplp-box-item\"><span class=\"date\">janeiro 19, 2025<\/span><span class=\"text\"><span style=\"max-height:2.8em\" class=\"line_limit\">A \u00e9poca mais esperada do ano\n\t\tNo dia 21 de Dezembro de 2024 o projeto Amor Divino fez uma maravilhosa A\u00e7\u00e3o de Natal na Tekoa Ytu, distribuindo amor e muitos presentes, kits de guloseimas, hotdog refrigerantes, cestas b\u00e1sicas, panetones e ra\u00e7\u00e3o para os pets.\u00a0Obrigada Deus \u2764\ufe0f obrigada amigos e todos parceiros desse projeto. Deus aben\u00e7oe grandemente. \ud83d\udc50\ud83c\udffd\ud83d\udc50\ud83c\udffd\u00a0Gratid\u00e3o!  http:\/\/amordivino.org.br\/wp-content\/uploads\/2025\/01\/Snapinst.app_video_AQMiePwxGYASiZGmRZv2m7aviBlTiyAH7sePowVZlSvdqfq4wfPTZLi-PQnK3RRWWRPZWfi46v2EIVHZ3wmtL0qJSYLKOyANo4FEiv4.mp4\t\t\n\n\u00a0Assim resplande\u00e7a a vossa luz diante dos homens, para que vejam as vossas boas obras e glorifiquem a vosso Pai, que est\u00e1 nos c\u00e9us. ( Mateus 5:16 )\n\n\n\t\t\t\t\n\t\t\t\n\n\t\t\t\t\n\t\t\t\n\n\t\t\t\t\n\t\t\t\n\n\t\t\t\t\n\t\t\t\n\n\t\t\t\t\n\t\t\t\n\n\t\t\t\t\n\t\t\t\n\n\t\t\t\t\n\t\t\t\n\n\t\t\t\t\n\t\t\t\n\n\t\t\t\t\n\t\t\t\n\n\t\t\t\t\n\t\t\t\n\n\t\t\t\t\n\t\t\t\n\n\t\t\t\t\n\t\t\t\n\n\t\t\t\t\n\t\t\t\n\n\t\t\t\t\n\t\t\t\n\n\t\t\t\t\n\t\t\t\n\t\t Contamos com voc\u00ea para continuarmos cumprindo o nosso prop\u00f3sito de amor ao pr\u00f3ximo. Abra\u00e7os. \ud83d\ude4f\ud83d\ude4f\t\t\nJuntos podemos ajudar mais\nVoc\u00ea quer ajudar com doa\u00e7\u00f5es!? Entre em contato com a gente no n\u00famero:\n(11) 91363-4599 \u2665\ufe0f\ud83d\ude4f\ud83c\udffd\ud83d\ude09\nNosso Canal no Youtube: https:\/\/www.youtube.com\/@ProjetoAmorDivino\nNosso Instagram: www.instagram.com\/projetoamordivino\nSaiba mais sobre a Biblinha: https:\/\/biblinhaeturminha.com.br\n\u00a0\u00a0\t\t\nAssuntos recentes\n\nNossa rede\n\t\t\t\n\t\t\t\t\t\tFalta voc\u00ea aqui\n\t\t\t\t\t\n\t\t\t\t\t\t\t\t\t\t\t\t\t\t\t\t\n\t\t\t\t\t\t\t\t\t\t\t\t\t\t\t\n\t\t\t\t\t\t\t\t\t\t\t\t\t\t\t\t\n\t\t\t\t\t\t\t\t\t\t\t\t\t\t\t\n\t\t\t\t\t\t\t\t\t\t\t\t\t\t\t\t\n\t\t\t\t\t\t\t\t\t\t\t\t\t\t\t\n\t\t\t\t\t\t\t\t\t\t\t\t\t\t\t\t\n\t\t\t\t\t\t\t\t\t\t\t\t\t\t\t\n\t\t\t\t\t\t\t\t\t\t\t\t\t\t\t\t\n\t\t\t\t\t\t\t\t\t\t\t\t\t\t\t\nDivina fam\u00edlia\n\t\t\t\n\t\t\t\t\t\tquero fazer parte\n\t\t\t\t\t\nCanal Amor Divino\nInstitucional Amor Divino\n\t\t\t\t\t\nEndere\u00e7o\nEnd.: Rua Ad\u00e3o Gon\u00e7alves, 590 Vl. dos Rem\u00e9dios &#8211; S\u00e3o Paulo\/SP<\/span><span style=\"margin-left:3px; max-height:2.8em\" class=\"line_limit\"> [&#8230;]<\/span><\/span><span class=\"custom_fields\">\n<!-- WPLP Unknown field: Custom_Fields -->\n<\/span><a href=\"https:\/\/amordivino.org.br\/index.php\/2025\/01\/19\/o-natal-de-2024-na-tekoa-pyau\/\"  class=\"read-more\">Read more&#8230;<\/a><\/div><\/div><\/div><\/div><div class=\"swiper-slide\" style=\"\"><div class=\"insideframe\"><div id=\"wplp_box_top_1605_3256\" class=\"wpcu-front-box top equalHeightImg\" ><div class=\"wplp-box-item\"><a href=\"https:\/\/amordivino.org.br\/index.php\/2024\/11\/02\/rosa-de-saron\/\"  class=\"thumbnail\"><span class=\"img_cropper\" style=\"margin-right:4px;margin-bottom:4px;max-width:100%;\"><img decoding=\"async\" src=\"http:\/\/amordivino.org.br\/wp-content\/uploads\/2024\/11\/Rosa-de-Saron-1-1024x1024.jpg\" style=\"aspect-ratio:4\/3;\" srcset=\"\" alt=\"Rosa de Saron\" class=\"wplp_thumb\" \/><\/span><\/a><a href=\"https:\/\/amordivino.org.br\/index.php\/2024\/11\/02\/rosa-de-saron\/\"  class=\"title\">Rosa de Saron<\/a><\/div><\/div><div id=\"wplp_box_left_1605_3256\" class=\"wpcu-front-box left wpcu-custom-position\" ><div class=\"wplp-box-item\"><\/div><\/div><div id=\"wplp_box_right_1605_3256\" class=\"wpcu-front-box right wpcu-custom-position\" ><div class=\"wplp-box-item\"><\/div><\/div><div id=\"wplp_box_bottom_1605_3256\" class=\"wpcu-front-box bottom \" ><div class=\"wplp-box-item\"><span class=\"date\">novembro 2, 2024<\/span><span class=\"text\"><span style=\"max-height:2.8em\" class=\"line_limit\">Dia das crian\u00e7as antecipado\n\t\tNo dia 26 \/10, foi um s\u00e1bado todo especial junto \u00e0s nossas preciosas.Pense em uma mistura de sentimentos!Pois \u00e9!Mas divino \u00e9 ter essa oportunidade de estar aqui com essas preciosas que j\u00e1 fizeram tanto e muitas delas hoje nem sabem que s\u00e3o . M\u00e1s, por mais confusa que estejam, sabem quando s\u00e3o tocadas com amor.Obrigada equipe Rosa de Saron, que o amor de Cristo resplande\u00e7a em n\u00f3s e atrav\u00e9s de n\u00f3s . Em nome de Jesus .Um forte e afetuoso abra\u00e7o a todos. Que Deus visite cada um de uma maneira toda especial. Em nome de Jesus.Gratid\u00e3o!  \n\u00a0Assim resplande\u00e7a a vossa luz diante dos homens, para que vejam as vossas boas obras e glorifiquem a vosso Pai, que est\u00e1 nos c\u00e9us. ( Mateus 5:16 )\n\nTestemunho da Dona Josefa\n\t\t\t\n\t\t\t\t\t\n\n\n\n\n\t\t\t\t\t\t\t\t\t\t\t\t\t\t\t\n\t\tObrigada fam\u00edlia divina. Mas uma vez a uni\u00e3o vence os obst\u00e1culos e momentos incr\u00edveis sendo realizados.Como essas crian\u00e7as ficaram felizes!!N\u00e3o paravam de admirar os kits recebidos.Obrigada a todos que colocaram um sorriso no rosto dessas crian\u00e7as.Deus aben\u00e7oe poderosamente e que seus celeiros transborda . Em nome de Jesus.\n\t\t Contamos com voc\u00ea para continuarmos cumprindo o nosso prop\u00f3sito de amor ao pr\u00f3ximo. Abra\u00e7os. \ud83d\ude4f\ud83d\ude4f\t\t\nJuntos podemos ajudar mais\nVoc\u00ea quer ajudar com doa\u00e7\u00f5es!? Entre em contato com a gente no n\u00famero:\n(11) 91363-4599 \u2665\ufe0f\ud83d\ude4f\ud83c\udffd\ud83d\ude09\nNosso Canal no Youtube: https:\/\/www.youtube.com\/@ProjetoAmorDivino\nNosso Instagram: www.instagram.com\/projetoamordivino\nSaiba mais sobre a Biblinha: https:\/\/biblinhaeturminha.com.br\n\u00a0\u00a0\t\t\nAssuntos recentes\n\nNossa rede\n\t\t\t\n\t\t\t\t\t\tFalta voc\u00ea aqui\n\t\t\t\t\t\n\t\t\t\t\t\t\t\t\t\t\t\t\t\t\t\t\n\t\t\t\t\t\t\t\t\t\t\t\t\t\t\t\n\t\t\t\t\t\t\t\t\t\t\t\t\t\t\t\t\n\t\t\t\t\t\t\t\t\t\t\t\t\t\t\t\n\t\t\t\t\t\t\t\t\t\t\t\t\t\t\t\t\n\t\t\t\t\t\t\t\t\t\t\t\t\t\t\t\n\t\t\t\t\t\t\t\t\t\t\t\t\t\t\t\t\n\t\t\t\t\t\t\t\t\t\t\t\t\t\t\t\n\t\t\t\t\t\t\t\t\t\t\t\t\t\t\t\t\n\t\t\t\t\t\t\t\t\t\t\t\t\t\t\t\nDivina fam\u00edlia\n\t\t\t\n\t\t\t\t\t\tquero fazer parte\n\t\t\t\t\t\nCanal Amor Divino\nInstitucional Amor Divino\n\t\t\t\t\t\nEndere\u00e7o\nEnd.: Rua Ad\u00e3o Gon\u00e7alves, 590 Vl. dos Rem\u00e9dios &#8211; S\u00e3o Paulo\/SP<\/span><span style=\"margin-left:3px; max-height:2.8em\" class=\"line_limit\"> [&#8230;]<\/span><\/span><span class=\"custom_fields\">\n<!-- WPLP Unknown field: Custom_Fields -->\n<\/span><a href=\"https:\/\/amordivino.org.br\/index.php\/2024\/11\/02\/rosa-de-saron\/\"  class=\"read-more\">Read more&#8230;<\/a><\/div><\/div><\/div><\/div><\/div><div class=\"swiper-button-next\"><\/div><div class=\"swiper-button-prev\"><\/div><div class=\"swiper-pagination\"><\/div><\/div><\/div><p>\u00a0<\/p>\t\t\t\t\t\t\t\t<\/div>\n\t\t\t\t<\/div>\n\t\t\t\t\t<\/div>\n\t\t<\/div>\n\t\t\t\t\t<\/div>\n\t\t<\/section>\n\t\t\t\t<\/div>\n\t\t","protected":false},"excerpt":{"rendered":"<p>Sua feira sem sair de casa loren Sua feira no whatsapp &#8211; Clique aqui para falar conosco &#8211; Frutas nacionais e importadas.- Verduras e legumes.- Aves e Peixes Assuntos recentes \u00a0<\/p>\n","protected":false},"author":1,"featured_media":0,"comment_status":"open","ping_status":"open","sticky":false,"template":"","format":"standard","meta":{"_eb_attr":"","_uag_custom_page_level_css":"","site-sidebar-layout":"default","site-content-layout":"","ast-site-content-layout":"default","site-content-style":"default","site-sidebar-style":"default","ast-global-header-display":"","ast-banner-title-visibility":"","ast-main-header-display":"","ast-hfb-above-header-display":"","ast-hfb-below-header-display":"","ast-hfb-mobile-header-display":"","site-post-title":"","ast-breadcrumbs-content":"","ast-featured-img":"","footer-sml-layout":"","ast-disable-related-posts":"","theme-transparent-header-meta":"","adv-header-id-meta":"","stick-header-meta":"","header-above-stick-meta":"","header-main-stick-meta":"","header-below-stick-meta":"","astra-migrate-meta-layouts":"default","ast-page-background-enabled":"default","ast-page-background-meta":{"desktop":{"background-color":"","background-image":"","background-repeat":"repeat","background-position":"center center","background-size":"auto","background-attachment":"scroll","background-type":"","background-media":"","overlay-type":"","overlay-color":"","overlay-opacity":"","overlay-gradient":""},"tablet":{"background-color":"","background-image":"","background-repeat":"repeat","background-position":"center center","background-size":"auto","background-attachment":"scroll","background-type":"","background-media":"","overlay-type":"","overlay-color":"","overlay-opacity":"","overlay-gradient":""},"mobile":{"background-color":"","background-image":"","background-repeat":"repeat","background-position":"center center","background-size":"auto","background-attachment":"scroll","background-type":"","background-media":"","overlay-type":"","overlay-color":"","overlay-opacity":"","overlay-gradient":""}},"ast-content-background-meta":{"desktop":{"background-color":"var(--ast-global-color-5)","background-image":"","background-repeat":"repeat","background-position":"center center","background-size":"auto","background-attachment":"scroll","background-type":"","background-media":"","overlay-type":"","overlay-color":"","overlay-opacity":"","overlay-gradient":""},"tablet":{"background-color":"var(--ast-global-color-5)","background-image":"","background-repeat":"repeat","background-position":"center center","background-size":"auto","background-attachment":"scroll","background-type":"","background-media":"","overlay-type":"","overlay-color":"","overlay-opacity":"","overlay-gradient":""},"mobile":{"background-color":"var(--ast-global-color-5)","background-image":"","background-repeat":"repeat","background-position":"center center","background-size":"auto","background-attachment":"scroll","background-type":"","background-media":"","overlay-type":"","overlay-color":"","overlay-opacity":"","overlay-gradient":""}},"footnotes":"","_wpscppro_dont_share_socialmedia":false,"_wpscppro_custom_social_share_image":0,"_facebook_share_type":"","_twitter_share_type":"","_linkedin_share_type":"","_pinterest_share_type":"","_linkedin_share_type_page":"","_instagram_share_type":"","_medium_share_type":"","_threads_share_type":"","_google_business_share_type":"","_selected_social_profile":[],"_wpsp_enable_custom_social_template":false,"_wpsp_social_scheduling":{"enabled":false,"datetime":null,"platforms":[],"status":"template_only","dateOption":"today","timeOption":"now","customDays":"","customHours":"","customDate":"","customTime":"","schedulingType":"absolute"},"_wpsp_active_default_template":true},"categories":[23],"tags":[13],"class_list":["post-2362","post","type-post","status-publish","format-standard","hentry","category-parceiros","tag-acoes-de-amor"],"uagb_featured_image_src":{"full":false,"thumbnail":false,"medium":false,"medium_large":false,"large":false,"1536x1536":false,"2048x2048":false},"uagb_author_info":{"display_name":"amordivinosite@gmail.com","author_link":"https:\/\/amordivino.org.br\/index.php\/author\/amordivinositegmail-com\/"},"uagb_comment_info":1,"uagb_excerpt":"Sua feira sem sair de casa loren Sua feira no whatsapp &#8211; Clique aqui para falar conosco &#8211; Frutas nacionais e importadas.- Verduras e legumes.- Aves e Peixes Assuntos recentes \u00a0","_links":{"self":[{"href":"https:\/\/amordivino.org.br\/index.php\/wp-json\/wp\/v2\/posts\/2362","targetHints":{"allow":["GET"]}}],"collection":[{"href":"https:\/\/amordivino.org.br\/index.php\/wp-json\/wp\/v2\/posts"}],"about":[{"href":"https:\/\/amordivino.org.br\/index.php\/wp-json\/wp\/v2\/types\/post"}],"author":[{"embeddable":true,"href":"https:\/\/amordivino.org.br\/index.php\/wp-json\/wp\/v2\/users\/1"}],"replies":[{"embeddable":true,"href":"https:\/\/amordivino.org.br\/index.php\/wp-json\/wp\/v2\/comments?post=2362"}],"version-history":[{"count":8,"href":"https:\/\/amordivino.org.br\/index.php\/wp-json\/wp\/v2\/posts\/2362\/revisions"}],"predecessor-version":[{"id":2629,"href":"https:\/\/amordivino.org.br\/index.php\/wp-json\/wp\/v2\/posts\/2362\/revisions\/2629"}],"wp:attachment":[{"href":"https:\/\/amordivino.org.br\/index.php\/wp-json\/wp\/v2\/media?parent=2362"}],"wp:term":[{"taxonomy":"category","embeddable":true,"href":"https:\/\/amordivino.org.br\/index.php\/wp-json\/wp\/v2\/categories?post=2362"},{"taxonomy":"post_tag","embeddable":true,"href":"https:\/\/amordivino.org.br\/index.php\/wp-json\/wp\/v2\/tags?post=2362"}],"curies":[{"name":"wp","href":"https:\/\/api.w.org\/{rel}","templated":true}]}}